{"id":4461,"date":"2025-01-22T13:07:14","date_gmt":"2025-01-22T12:07:14","guid":{"rendered":"https:\/\/www.caldererias.es\/?p=4461"},"modified":"2025-02-26T08:51:50","modified_gmt":"2025-02-26T07:51:50","slug":"recibimos-una-ayuda-por-la-contribucion-a-la-cadena-de-valor-de-hidrogeno-verde-investigacion-y-desarrollo-en-almacenamiento-estacionario","status":"publish","type":"post","link":"https:\/\/www.caldererias.es\/en\/recibimos-una-ayuda-por-la-contribucion-a-la-cadena-de-valor-de-hidrogeno-verde-investigacion-y-desarrollo-en-almacenamiento-estacionario\/","title":{"rendered":"Recibimos una ayuda por la Contribuci\u00f3n a La Cadena de Valor de Hidr\u00f3geno Verde: Investigaci\u00f3n y Desarrollo en Almacenamiento Estacionario"},"content":{"rendered":"<p>[et_pb_section][et_pb_row][et_pb_column type=\u00bb4_4&#8243;][et_pb_text]<em>CALDERERIAS INDALICAS ha recibido una ayuda por su contribuci\u00f3n a la cadena de valor del <strong>hidr\u00f3geno verde<\/strong>, poniendo en marcha un proyecto puntero de investigaci\u00f3n y desarrollo en almacenamiento estacionario, que ha profundizado en la optimizaci\u00f3n del dise\u00f1o de dep\u00f3sitos para almacenamiento de hidr\u00f3geno gaseoso a presi\u00f3n, m\u00e1s all\u00e1 de los c\u00e1lculos recogidos en los c\u00f3digos de fabricaci\u00f3n convencionales, no espec\u00edficamente concebidos para el hidr\u00f3geno.<\/em><\/p>\n<ul>\n<li style=\"list-style-type: none;\">\n<li>Duraci\u00f3n: 12\/2022 \u2013 12\/2024<\/li>\n<li>Inversi\u00f3n: 703.545,00 \u20ac<\/li>\n<li>Ayuda: 204.624 \u20ac<\/li>\n<\/ul>\n<p>Proyecto de I+D desarrollado con \u00e9xito gracias al apoyo de:<\/p>\n<p><img loading=\"lazy\" decoding=\"async\" class=\"wp-image-4084 aligncenter\" src=\"https:\/\/www.caldererias.es\/wp-content\/uploads\/2025\/01\/feder_cdti_banderas_1280x70_trans.png\" alt=\"\" width=\"782\" height=\"555\" \/><br \/>\n&nbsp;<br \/>\n<img loading=\"lazy\" decoding=\"async\" class=\"wp-image-4084 aligncenter\" src=\"https:\/\/www.caldererias.es\/wp-content\/uploads\/2025\/01\/Placa-publicitaria-ayuda.png\" alt=\"\" width=\"600\" height=\"425\" \/><br \/>\n[\/et_pb_text][\/et_pb_column][\/et_pb_row][\/et_pb_section]<\/p>","protected":false},"excerpt":{"rendered":"<p>[et_pb_section][et_pb_row][et_pb_column type=\u00bb4_4&#8243;][et_pb_text]CALDERERIAS INDALICAS ha recibido una ayuda por su contribuci\u00f3n a la cadena de valor del hidr\u00f3geno verde, poniendo en marcha un proyecto puntero de investigaci\u00f3n y desarrollo en almacenamiento estacionario, que ha profundizado en la optimizaci\u00f3n del dise\u00f1o de dep\u00f3sitos para almacenamiento de hidr\u00f3geno gaseoso a presi\u00f3n, m\u00e1s all\u00e1 de los c\u00e1lculos recogidos en [&hellip;]<\/p>","protected":false},"author":2,"featured_media":0,"comment_status":"open","ping_status":"open","sticky":false,"template":"","format":"standard","meta":{"_et_pb_use_builder":"","_et_pb_old_content":"","_et_gb_content_width":"","footnotes":""},"categories":[49,9],"tags":[],"class_list":["post-4461","post","type-post","status-publish","format-standard","hentry","category-ayudas-subvenciones","category-noticias"],"_links":{"self":[{"href":"https:\/\/www.caldererias.es\/en\/wp-json\/wp\/v2\/posts\/4461","targetHints":{"allow":["GET"]}}],"collection":[{"href":"https:\/\/www.caldererias.es\/en\/wp-json\/wp\/v2\/posts"}],"about":[{"href":"https:\/\/www.caldererias.es\/en\/wp-json\/wp\/v2\/types\/post"}],"author":[{"embeddable":true,"href":"https:\/\/www.caldererias.es\/en\/wp-json\/wp\/v2\/users\/2"}],"replies":[{"embeddable":true,"href":"https:\/\/www.caldererias.es\/en\/wp-json\/wp\/v2\/comments?post=4461"}],"version-history":[{"count":15,"href":"https:\/\/www.caldererias.es\/en\/wp-json\/wp\/v2\/posts\/4461\/revisions"}],"predecessor-version":[{"id":4478,"href":"https:\/\/www.caldererias.es\/en\/wp-json\/wp\/v2\/posts\/4461\/revisions\/4478"}],"wp:attachment":[{"href":"https:\/\/www.caldererias.es\/en\/wp-json\/wp\/v2\/media?parent=4461"}],"wp:term":[{"taxonomy":"category","embeddable":true,"href":"https:\/\/www.caldererias.es\/en\/wp-json\/wp\/v2\/categories?post=4461"},{"taxonomy":"post_tag","embeddable":true,"href":"https:\/\/www.caldererias.es\/en\/wp-json\/wp\/v2\/tags?post=4461"}],"curies":[{"name":"wp","href":"https:\/\/api.w.org\/{rel}","templated":true}]}}