{"id":4540,"date":"2025-02-19T09:45:02","date_gmt":"2025-02-19T08:45:02","guid":{"rendered":"https:\/\/www.caldererias.es\/?p=4540"},"modified":"2025-02-26T09:01:27","modified_gmt":"2025-02-26T08:01:27","slug":"recibimos-una-ayuda-por-la-puesta-en-marcha-de-una-planta-solar-fotovoltaica-para-autoconsumo","status":"publish","type":"post","link":"https:\/\/www.caldererias.es\/en\/recibimos-una-ayuda-por-la-puesta-en-marcha-de-una-planta-solar-fotovoltaica-para-autoconsumo\/","title":{"rendered":"Recibimos una ayuda por la puesta en marcha de una planta Solar Fotovoltaica para autoconsumo"},"content":{"rendered":"<p>[et_pb_section][et_pb_row][et_pb_column type=\u00bb4_4&#8243;][et_pb_text]<em>CALDERERIAS INDALICAS ha recibido una ayuda para la puesta en marcha de una planta solar fotovoltaica para autoconsumo. Este es un proyecto acogido al programa de incentivos ligados al autoconsumo y almacenamiento, con fuentes de energ\u00eda renovable, as\u00ed como a la implantaci\u00f3n de sistemas t\u00e9rmicos renovables en el sector residencial en el marco del Plan de Recuperaci\u00f3n, Transformaci\u00f3n y Resiliencia, financiado por la Uni\u00f3n Europea &#8211; NextGenerationEU (#PlanDeRecuperaci\u00f3n).<\/em><\/p>\n<ul>\n<li>Beneficiario: CALDERERIAS INDALICAS SL<\/li>\n<li>Componente (C7:11): Desarrollo de energ\u00edas renovables<\/li>\n<li>Inversi\u00f3n total: 594.295,81 \u20ac<\/li>\n<li>Importe de la ayuda: 118.859,16 \u20ac<\/li>\n<li>Potencia (kW): 946,40<\/li>\n<li>Real Decreto 477\/2021<\/li>\n<\/ul>\n<p>&nbsp;<\/p>\n<p><img loading=\"lazy\" decoding=\"async\" class=\"wp-image-4084 aligncenter\" src=\"https:\/\/www.caldererias.es\/wp-content\/uploads\/2025\/02\/fotovoltaica_idae_ayuda_captura_690x489.png\" alt=\"\" width=\"782\" height=\"555\" \/>[\/et_pb_text][\/et_pb_column][\/et_pb_row][\/et_pb_section]<\/p>","protected":false},"excerpt":{"rendered":"<p>[et_pb_section][et_pb_row][et_pb_column type=\u00bb4_4&#8243;][et_pb_text]CALDERERIAS INDALICAS ha recibido una ayuda para la puesta en marcha de una planta solar fotovoltaica para autoconsumo. Este es un proyecto acogido al programa de incentivos ligados al autoconsumo y almacenamiento, con fuentes de energ\u00eda renovable, as\u00ed como a la implantaci\u00f3n de sistemas t\u00e9rmicos renovables en el sector residencial en el marco del [&hellip;]<\/p>","protected":false},"author":2,"featured_media":4538,"comment_status":"open","ping_status":"open","sticky":false,"template":"","format":"standard","meta":{"_et_pb_use_builder":"","_et_pb_old_content":"","_et_gb_content_width":"","footnotes":""},"categories":[49,9],"tags":[],"class_list":["post-4540","post","type-post","status-publish","format-standard","has-post-thumbnail","hentry","category-ayudas-subvenciones","category-noticias"],"_links":{"self":[{"href":"https:\/\/www.caldererias.es\/en\/wp-json\/wp\/v2\/posts\/4540","targetHints":{"allow":["GET"]}}],"collection":[{"href":"https:\/\/www.caldererias.es\/en\/wp-json\/wp\/v2\/posts"}],"about":[{"href":"https:\/\/www.caldererias.es\/en\/wp-json\/wp\/v2\/types\/post"}],"author":[{"embeddable":true,"href":"https:\/\/www.caldererias.es\/en\/wp-json\/wp\/v2\/users\/2"}],"replies":[{"embeddable":true,"href":"https:\/\/www.caldererias.es\/en\/wp-json\/wp\/v2\/comments?post=4540"}],"version-history":[{"count":5,"href":"https:\/\/www.caldererias.es\/en\/wp-json\/wp\/v2\/posts\/4540\/revisions"}],"predecessor-version":[{"id":4697,"href":"https:\/\/www.caldererias.es\/en\/wp-json\/wp\/v2\/posts\/4540\/revisions\/4697"}],"wp:featuredmedia":[{"embeddable":true,"href":"https:\/\/www.caldererias.es\/en\/wp-json\/wp\/v2\/media\/4538"}],"wp:attachment":[{"href":"https:\/\/www.caldererias.es\/en\/wp-json\/wp\/v2\/media?parent=4540"}],"wp:term":[{"taxonomy":"category","embeddable":true,"href":"https:\/\/www.caldererias.es\/en\/wp-json\/wp\/v2\/categories?post=4540"},{"taxonomy":"post_tag","embeddable":true,"href":"https:\/\/www.caldererias.es\/en\/wp-json\/wp\/v2\/tags?post=4540"}],"curies":[{"name":"wp","href":"https:\/\/api.w.org\/{rel}","templated":true}]}}