{"id":4578,"date":"2024-07-15T09:33:26","date_gmt":"2024-07-15T07:33:26","guid":{"rendered":"https:\/\/www.caldererias.es\/?p=4578"},"modified":"2025-02-26T08:52:18","modified_gmt":"2025-02-26T07:52:18","slug":"patrocinio-de-alcoholicos-rehabilitados-de-almeria-ara","status":"publish","type":"post","link":"https:\/\/www.caldererias.es\/en\/patrocinio-de-alcoholicos-rehabilitados-de-almeria-ara\/","title":{"rendered":"PATROCINIO DE ALCOH\u00d3LICOS REHABILITADOS DE ALMERIA (ARA)"},"content":{"rendered":"<p>[et_pb_section][et_pb_row][et_pb_column type=\u00bb4_4&#8243;][et_pb_text]<em><strong>CALDERER\u00cdAS IND\u00c1LICAS<\/strong> colabora con la Asociaci\u00f3n sin \u00e1nimo de lucro <strong>Alcoh\u00f3licos Rehabilitados de Almer\u00eda (ARA)<\/strong> en su lucha contra el ALCOHOLISMO, enfermedad reconocida por la OMS.<\/p>\n<p>Su labor es la prevenci\u00f3n, concienciaci\u00f3n y la explicaci\u00f3n clara de los riesgos para l@s j\u00f3venes, de determinadas conductas , que en el futuro podr\u00edan tener consecuencias graves e irreversibles. Con \u00e1nimo de colaborar en tan noble objetivo se organiz\u00f3 un charla informativa en la empresa <strong>CALDERER\u00cdAS IND\u00c1LICAS<\/strong>, el 4 de julio de 2024 en su sede de la Venta de Pobre<\/p>\n<p><a style=\"color: orange;\" href=\"https:\/\/www.facebook.com\/profile.php?id=100080455006339\" target=\"_blank\" rel=\"noopener\">Ver la p\u00e1gina de Ara en Facebook<\/a><\/p>\n<p><img loading=\"lazy\" decoding=\"async\" class=\"wp-image-4084 aligncenter\" src=\"https:\/\/www.caldererias.es\/wp-content\/uploads\/2025\/02\/ara_charla.png\" alt=\"\" width=\"782\" height=\"555\" \/>[\/et_pb_text][\/et_pb_column][\/et_pb_row][\/et_pb_section]<\/p>","protected":false},"excerpt":{"rendered":"<p>[et_pb_section][et_pb_row][et_pb_column type=\u00bb4_4&#8243;][et_pb_text]CALDERER\u00cdAS IND\u00c1LICAS colabora con la Asociaci\u00f3n sin \u00e1nimo de lucro Alcoh\u00f3licos Rehabilitados de Almer\u00eda (ARA) en su lucha contra el ALCOHOLISMO, enfermedad reconocida por la OMS. Su labor es la prevenci\u00f3n, concienciaci\u00f3n y la explicaci\u00f3n clara de los riesgos para l@s j\u00f3venes, de determinadas conductas , que en el futuro podr\u00edan tener consecuencias graves [&hellip;]<\/p>","protected":false},"author":2,"featured_media":0,"comment_status":"open","ping_status":"open","sticky":false,"template":"","format":"standard","meta":{"_et_pb_use_builder":"","_et_pb_old_content":"","_et_gb_content_width":"","footnotes":""},"categories":[9,48],"tags":[],"class_list":["post-4578","post","type-post","status-publish","format-standard","hentry","category-noticias","category-patrocinio-asociacion"],"_links":{"self":[{"href":"https:\/\/www.caldererias.es\/en\/wp-json\/wp\/v2\/posts\/4578","targetHints":{"allow":["GET"]}}],"collection":[{"href":"https:\/\/www.caldererias.es\/en\/wp-json\/wp\/v2\/posts"}],"about":[{"href":"https:\/\/www.caldererias.es\/en\/wp-json\/wp\/v2\/types\/post"}],"author":[{"embeddable":true,"href":"https:\/\/www.caldererias.es\/en\/wp-json\/wp\/v2\/users\/2"}],"replies":[{"embeddable":true,"href":"https:\/\/www.caldererias.es\/en\/wp-json\/wp\/v2\/comments?post=4578"}],"version-history":[{"count":9,"href":"https:\/\/www.caldererias.es\/en\/wp-json\/wp\/v2\/posts\/4578\/revisions"}],"predecessor-version":[{"id":4589,"href":"https:\/\/www.caldererias.es\/en\/wp-json\/wp\/v2\/posts\/4578\/revisions\/4589"}],"wp:attachment":[{"href":"https:\/\/www.caldererias.es\/en\/wp-json\/wp\/v2\/media?parent=4578"}],"wp:term":[{"taxonomy":"category","embeddable":true,"href":"https:\/\/www.caldererias.es\/en\/wp-json\/wp\/v2\/categories?post=4578"},{"taxonomy":"post_tag","embeddable":true,"href":"https:\/\/www.caldererias.es\/en\/wp-json\/wp\/v2\/tags?post=4578"}],"curies":[{"name":"wp","href":"https:\/\/api.w.org\/{rel}","templated":true}]}}