{"id":4590,"date":"2024-04-20T10:35:29","date_gmt":"2024-04-20T08:35:29","guid":{"rendered":"https:\/\/www.caldererias.es\/?p=4590"},"modified":"2025-02-26T08:52:29","modified_gmt":"2025-02-26T07:52:29","slug":"asistimos-a-la-feria-de-empleo-2024-en-san-isidro-organizada-por-la-universidad-de-almeria","status":"publish","type":"post","link":"https:\/\/www.caldererias.es\/en\/asistimos-a-la-feria-de-empleo-2024-en-san-isidro-organizada-por-la-universidad-de-almeria\/","title":{"rendered":"ASISTIMOS A LA FERIA DE EMPLEO 2024 ORGANIZADA POR LA UNIVERSIDAD DE ALMER\u00cdA"},"content":{"rendered":"<p>[et_pb_section][et_pb_row][et_pb_column type=\u00bb4_4&#8243;][et_pb_text]<em>Responsables, t\u00e9cnicos y administrativos de distintas \u00e1reas de <strong>CALDERER\u00cdAS IND\u00c1LICAS<\/strong> se trasladaron a la feria con el fin de ofrecer pr\u00e1cticas y empleo a las personas con formaci\u00f3n universitaria, siendo esta una gran oportunidad para mantener \u201cin situ\u201d un contacto directo entre todas las partes: estudiantes, personas tituladas y empresas ofertantes de empleo, como es nuestro caso.<br \/>\nNos sentimos muy satisfechos por haber logrado establecer un acercamiento profesional con estudiantes y reci\u00e9n titulados, adem\u00e1s de disfrutar de esta gran experiencia de la que esperamos repetir el a\u00f1o que viene.<\/em><br \/>\n&nbsp;<\/p>\n<p><img loading=\"lazy\" decoding=\"async\" class=\"wp-image-4084 aligncenter\" src=\"https:\/\/www.caldererias.es\/wp-content\/uploads\/2025\/02\/feria_empleo_san_isidro.png\" alt=\"\" width=\"782\" height=\"555\" \/>[\/et_pb_text][\/et_pb_column][\/et_pb_row][\/et_pb_section]<\/p>","protected":false},"excerpt":{"rendered":"<p>[et_pb_section][et_pb_row][et_pb_column type=\u00bb4_4&#8243;][et_pb_text]Responsables, t\u00e9cnicos y administrativos de distintas \u00e1reas de CALDERER\u00cdAS IND\u00c1LICAS se trasladaron a la feria con el fin de ofrecer pr\u00e1cticas y empleo a las personas con formaci\u00f3n universitaria, siendo esta una gran oportunidad para mantener \u201cin situ\u201d un contacto directo entre todas las partes: estudiantes, personas tituladas y empresas ofertantes de empleo, como [&hellip;]<\/p>","protected":false},"author":2,"featured_media":0,"comment_status":"open","ping_status":"open","sticky":false,"template":"","format":"standard","meta":{"_et_pb_use_builder":"","_et_pb_old_content":"","_et_gb_content_width":"","footnotes":""},"categories":[9,48],"tags":[],"class_list":["post-4590","post","type-post","status-publish","format-standard","hentry","category-noticias","category-patrocinio-asociacion"],"_links":{"self":[{"href":"https:\/\/www.caldererias.es\/en\/wp-json\/wp\/v2\/posts\/4590","targetHints":{"allow":["GET"]}}],"collection":[{"href":"https:\/\/www.caldererias.es\/en\/wp-json\/wp\/v2\/posts"}],"about":[{"href":"https:\/\/www.caldererias.es\/en\/wp-json\/wp\/v2\/types\/post"}],"author":[{"embeddable":true,"href":"https:\/\/www.caldererias.es\/en\/wp-json\/wp\/v2\/users\/2"}],"replies":[{"embeddable":true,"href":"https:\/\/www.caldererias.es\/en\/wp-json\/wp\/v2\/comments?post=4590"}],"version-history":[{"count":2,"href":"https:\/\/www.caldererias.es\/en\/wp-json\/wp\/v2\/posts\/4590\/revisions"}],"predecessor-version":[{"id":4635,"href":"https:\/\/www.caldererias.es\/en\/wp-json\/wp\/v2\/posts\/4590\/revisions\/4635"}],"wp:attachment":[{"href":"https:\/\/www.caldererias.es\/en\/wp-json\/wp\/v2\/media?parent=4590"}],"wp:term":[{"taxonomy":"category","embeddable":true,"href":"https:\/\/www.caldererias.es\/en\/wp-json\/wp\/v2\/categories?post=4590"},{"taxonomy":"post_tag","embeddable":true,"href":"https:\/\/www.caldererias.es\/en\/wp-json\/wp\/v2\/tags?post=4590"}],"curies":[{"name":"wp","href":"https:\/\/api.w.org\/{rel}","templated":true}]}}