{"id":4617,"date":"2024-03-08T08:00:51","date_gmt":"2024-03-08T07:00:51","guid":{"rendered":"https:\/\/www.caldererias.es\/?p=4617"},"modified":"2025-02-26T08:52:37","modified_gmt":"2025-02-26T07:52:37","slug":"8-de-marzo-dia-de-la-mujer","status":"publish","type":"post","link":"https:\/\/www.caldererias.es\/en\/8-de-marzo-dia-de-la-mujer\/","title":{"rendered":"8 DE MARZO D\u00cdA DE LA MUJER"},"content":{"rendered":"<p>[et_pb_section][et_pb_row][et_pb_column type=\u00bb4_4&#8243;][et_pb_text]<em>Hoy es 8 de marzo<\/p>\n<p>Hoy es el d\u00eda de reivindicar que invertir en mujeres es mucho m\u00e1s que apoyar la igualdad. Tambi\u00e9n se trata de implementar pol\u00edticas de salario justo y de conciliaci\u00f3n laboral y familiar, adoptar pol\u00edticas de tolerancia cero hacia el acoso o fomentar la #inclusi\u00f3n de mujeres en equipos de trabajo diversos, entre otros.<\/p>\n<p>Feliz d\u00eda a todas las mujeres, especialmente a las que forman parte de nuestro equipo.<\/p>\n<p>#DiaInternacionalDeLaMujer #diadelamujer #8M #igualdad #inclusi\u00f3n #caldereriasindalicas<\/em><\/p>\n<p>&nbsp;<\/p>\n<p><img loading=\"lazy\" decoding=\"async\" class=\"wp-image-4084 aligncenter\" src=\"https:\/\/www.caldererias.es\/wp-content\/uploads\/2025\/02\/dia_mujer.png\" alt=\"\" width=\"782\" height=\"555\" \/>[\/et_pb_text][\/et_pb_column][\/et_pb_row][\/et_pb_section]<\/p>","protected":false},"excerpt":{"rendered":"<p>[et_pb_section][et_pb_row][et_pb_column type=\u00bb4_4&#8243;][et_pb_text]Hoy es 8 de marzo Hoy es el d\u00eda de reivindicar que invertir en mujeres es mucho m\u00e1s que apoyar la igualdad. Tambi\u00e9n se trata de implementar pol\u00edticas de salario justo y de conciliaci\u00f3n laboral y familiar, adoptar pol\u00edticas de tolerancia cero hacia el acoso o fomentar la #inclusi\u00f3n de mujeres en equipos de [&hellip;]<\/p>","protected":false},"author":2,"featured_media":0,"comment_status":"open","ping_status":"open","sticky":false,"template":"","format":"standard","meta":{"_et_pb_use_builder":"","_et_pb_old_content":"","_et_gb_content_width":"","footnotes":""},"categories":[9,48],"tags":[],"class_list":["post-4617","post","type-post","status-publish","format-standard","hentry","category-noticias","category-patrocinio-asociacion"],"_links":{"self":[{"href":"https:\/\/www.caldererias.es\/en\/wp-json\/wp\/v2\/posts\/4617","targetHints":{"allow":["GET"]}}],"collection":[{"href":"https:\/\/www.caldererias.es\/en\/wp-json\/wp\/v2\/posts"}],"about":[{"href":"https:\/\/www.caldererias.es\/en\/wp-json\/wp\/v2\/types\/post"}],"author":[{"embeddable":true,"href":"https:\/\/www.caldererias.es\/en\/wp-json\/wp\/v2\/users\/2"}],"replies":[{"embeddable":true,"href":"https:\/\/www.caldererias.es\/en\/wp-json\/wp\/v2\/comments?post=4617"}],"version-history":[{"count":3,"href":"https:\/\/www.caldererias.es\/en\/wp-json\/wp\/v2\/posts\/4617\/revisions"}],"predecessor-version":[{"id":4623,"href":"https:\/\/www.caldererias.es\/en\/wp-json\/wp\/v2\/posts\/4617\/revisions\/4623"}],"wp:attachment":[{"href":"https:\/\/www.caldererias.es\/en\/wp-json\/wp\/v2\/media?parent=4617"}],"wp:term":[{"taxonomy":"category","embeddable":true,"href":"https:\/\/www.caldererias.es\/en\/wp-json\/wp\/v2\/categories?post=4617"},{"taxonomy":"post_tag","embeddable":true,"href":"https:\/\/www.caldererias.es\/en\/wp-json\/wp\/v2\/tags?post=4617"}],"curies":[{"name":"wp","href":"https:\/\/api.w.org\/{rel}","templated":true}]}}