{"id":4634,"date":"2024-05-10T08:00:14","date_gmt":"2024-05-10T06:00:14","guid":{"rendered":"https:\/\/www.caldererias.es\/?p=4634"},"modified":"2025-02-26T08:52:23","modified_gmt":"2025-02-26T07:52:23","slug":"asistimos-a-la-feria-de-empleo-de-san-isidro","status":"publish","type":"post","link":"https:\/\/www.caldererias.es\/en\/asistimos-a-la-feria-de-empleo-de-san-isidro\/","title":{"rendered":"ASISTIMOS A LA FERIA DE EMPLEO DE SAN ISIDRO"},"content":{"rendered":"<p>[et_pb_section][et_pb_row][et_pb_column type=\u00bb4_4&#8243;][et_pb_text]<\/p>\n<p><span style=\"color: orange; font-size: 200%;\">FERIA DE EMPLEO SAN ISIDRO 13,14 Y 15 DE MAYO 2024<\/span><\/p>\n<p>Durante los d\u00edas 13,14 y 15 de mayo tendremos como misi\u00f3n colaborar y asesorar a los alumn@s de los grados y m\u00e1steres de Ingenier\u00eda, en la preparaci\u00f3n de entrevistas de trabajo para su pr\u00f3xima incorporaci\u00f3n al mundo laboral, dando a conocer nuestra empresa y las actividades m\u00e1s importantes que realizamos y aport\u00e1ndoles nuestra experiencia en selecci\u00f3n y reclutamiento de personal, todo ello con el prop\u00f3sito de seleccionar y atraer talento a nuestra empresa.<\/p>\n<p>De igual modo, durante el lunes 13 y el martes 14 realizaremos dos ponencias en el Auditorio de @unialmeria, con el prop\u00f3sito de darnos a conocer como empresa y presentar nuestro proyecto HIVEAL, <span style=\"color: rgb(138, 178, 72);\">Hidr\u00f3geno Verde de Almer\u00eda<\/span>.<\/p>\n<p>Las ponencias tendr\u00e1n lugar:<br \/>\n-Lunes 13 de 13:40 -14:10 con la presentaci\u00f3n de @caldererias_indalicas a cargo de D. David Pineda y en la que daremos a conocer nuestra compa\u00f1era Isabel Capel Salda\u00f1a @isacapel29 mejor expediente acad\u00e9mico de su promoci\u00f3n de Ingenier\u00eda de la UAL.<br \/>\n-Martes d\u00eda 14, de 13:30-14:00 a cargo de D. Baltasar Fajardo presentando nuestro proyecto HIVEAL.<\/p>\n<p>Os animamos a todos a participar en esta primera feria de empleo, ya seas estudiantes de grado o m\u00e1ster.<br \/>\n\u00a1Te esperamos!<\/p>\n<p><img loading=\"lazy\" decoding=\"async\" class=\"wp-image-4084 aligncenter\" src=\"https:\/\/www.caldererias.es\/wp-content\/uploads\/2025\/02\/feria_empleo_san_isidro_2.png\" alt=\"\" width=\"782\" height=\"555\" \/>[\/et_pb_text][\/et_pb_column][\/et_pb_row][\/et_pb_section]<\/p>","protected":false},"excerpt":{"rendered":"<p>[et_pb_section][et_pb_row][et_pb_column type=\u00bb4_4&#8243;][et_pb_text] FERIA DE EMPLEO SAN ISIDRO 13,14 Y 15 DE MAYO 2024 Durante los d\u00edas 13,14 y 15 de mayo tendremos como misi\u00f3n colaborar y asesorar a los alumn@s de los grados y m\u00e1steres de Ingenier\u00eda, en la preparaci\u00f3n de entrevistas de trabajo para su pr\u00f3xima incorporaci\u00f3n al mundo laboral, dando a conocer nuestra [&hellip;]<\/p>","protected":false},"author":2,"featured_media":0,"comment_status":"open","ping_status":"open","sticky":false,"template":"","format":"standard","meta":{"_et_pb_use_builder":"","_et_pb_old_content":"","_et_gb_content_width":"","footnotes":""},"categories":[9,48],"tags":[],"class_list":["post-4634","post","type-post","status-publish","format-standard","hentry","category-noticias","category-patrocinio-asociacion"],"_links":{"self":[{"href":"https:\/\/www.caldererias.es\/en\/wp-json\/wp\/v2\/posts\/4634","targetHints":{"allow":["GET"]}}],"collection":[{"href":"https:\/\/www.caldererias.es\/en\/wp-json\/wp\/v2\/posts"}],"about":[{"href":"https:\/\/www.caldererias.es\/en\/wp-json\/wp\/v2\/types\/post"}],"author":[{"embeddable":true,"href":"https:\/\/www.caldererias.es\/en\/wp-json\/wp\/v2\/users\/2"}],"replies":[{"embeddable":true,"href":"https:\/\/www.caldererias.es\/en\/wp-json\/wp\/v2\/comments?post=4634"}],"version-history":[{"count":13,"href":"https:\/\/www.caldererias.es\/en\/wp-json\/wp\/v2\/posts\/4634\/revisions"}],"predecessor-version":[{"id":4652,"href":"https:\/\/www.caldererias.es\/en\/wp-json\/wp\/v2\/posts\/4634\/revisions\/4652"}],"wp:attachment":[{"href":"https:\/\/www.caldererias.es\/en\/wp-json\/wp\/v2\/media?parent=4634"}],"wp:term":[{"taxonomy":"category","embeddable":true,"href":"https:\/\/www.caldererias.es\/en\/wp-json\/wp\/v2\/categories?post=4634"},{"taxonomy":"post_tag","embeddable":true,"href":"https:\/\/www.caldererias.es\/en\/wp-json\/wp\/v2\/tags?post=4634"}],"curies":[{"name":"wp","href":"https:\/\/api.w.org\/{rel}","templated":true}]}}