{"id":4653,"date":"2024-08-25T08:30:17","date_gmt":"2024-08-25T06:30:17","guid":{"rendered":"https:\/\/www.caldererias.es\/?p=4653"},"modified":"2025-02-26T08:52:13","modified_gmt":"2025-02-26T07:52:13","slug":"carrera-stramilano-infantil","status":"publish","type":"post","link":"https:\/\/www.caldererias.es\/en\/carrera-stramilano-infantil\/","title":{"rendered":"CARRERA STRAMILANO INFANTIL"},"content":{"rendered":"<p>[et_pb_section][et_pb_row][et_pb_column type=\u00bb4_4&#8243;][et_pb_text]<\/p>\n<p><span style=\"color: orange; font-size: 200%;\">3 DE AGOSTO STRAMILANO INFANTIL EN AGUA AMARGA<\/span><\/p>\n<p>Una historia de 30 a\u00f1os atr\u00e1s.<br \/>\nCuentan por ah\u00ed, que un veraneante italiano se acerc\u00f3 a un peque\u00f1o taller cerrajero, regentado por un joven emprendedor que decidi\u00f3 afincarse en la localidad de Agua Amarga-N\u00edjar.<br \/>\nEl italiano le dijo al joven. -Buenas, me llamo Francesco Alzati, organizo en Agua Amarga una carrera para ni\u00f1os y me gustar\u00eda que colaborase con nosotros.<br \/>\nEl joven emprendedor del peque\u00f1o taller respondi\u00f3. -Buenas Francesco, me llamo Luis. \u00bfC\u00f3mo podr\u00eda colaborar con ustedes? -pregunt\u00f3 el joven.<br \/>\nA lo que a\u00f1adi\u00f3 Francesco. -Nos har\u00eda falta unas varillas para marcar el circuito donde correr\u00e1n los ni\u00f1os.<br \/>\nLuis no dud\u00f3 un instante y a pesar del esfuerzo econ\u00f3mico que eso supondr\u00eda en sus inicios como emprendedor, respondi\u00f3. -Por supuesto, por los ni\u00f1os lo que sea, pase usted un poco m\u00e1s tarde.<br \/>\nY esta es la historia de la empresa que regenta Luis con la Stramilano Infantil, relaci\u00f3n que se extiende hasta estos d\u00edas. Ya han pasado m\u00e1s de 30 a\u00f1os desde aquella conversaci\u00f3n entre Francesco Alzati y Luis Llamas.<br \/>\nCALDERER\u00cdAS INDAL\u00cdCAS, empresa de la que es Gerente aquel joven emprendedor, hoy en d\u00eda no se parece en nada a aquel peque\u00f1o taller, aunque todav\u00eda mantiene esa esencia familiar que la hace \u00fanica. Calderer\u00edas Ind\u00e1licas es una de las empresas punteras en su sector a nivel nacional y con sus m\u00e1s de 500 trabajadores son un referente, trabajando en diversos pa\u00edses.<br \/>\nAs\u00ed pues, Amigos de stramilano oficial  agradece su PATROCINIO en la STRAMILANO INFANTIL de Agua Amarga que tendr\u00e1 lugar el pr\u00f3ximo 3 de agosto a Calderer\u00edas  Ind\u00e1licas, empresa comprometida a\u00f1o tras a\u00f1o con los fines solidarios de nuestra Asociaci\u00f3n, tambi\u00e9n promoviendo el deporte a trav\u00e9s de los eventos que organizamos y especialmente volcada con esta prueba infantil, siendo junto con los Organismos P\u00fablicos, EMPRESA PATROCINADORA EXCLUSIVA.<\/p>\n<p><img loading=\"lazy\" decoding=\"async\" class=\"wp-image-4084 aligncenter\" src=\"https:\/\/www.caldererias.es\/wp-content\/uploads\/2025\/02\/stramilano_infantil.png\" alt=\"\" width=\"782\" height=\"555\" \/>[\/et_pb_text][\/et_pb_column][\/et_pb_row][\/et_pb_section]<\/p>","protected":false},"excerpt":{"rendered":"<p>[et_pb_section][et_pb_row][et_pb_column type=\u00bb4_4&#8243;][et_pb_text] 3 DE AGOSTO STRAMILANO INFANTIL EN AGUA AMARGA Una historia de 30 a\u00f1os atr\u00e1s. Cuentan por ah\u00ed, que un veraneante italiano se acerc\u00f3 a un peque\u00f1o taller cerrajero, regentado por un joven emprendedor que decidi\u00f3 afincarse en la localidad de Agua Amarga-N\u00edjar. El italiano le dijo al joven. -Buenas, me llamo Francesco Alzati, [&hellip;]<\/p>","protected":false},"author":2,"featured_media":0,"comment_status":"open","ping_status":"open","sticky":false,"template":"","format":"standard","meta":{"_et_pb_use_builder":"","_et_pb_old_content":"","_et_gb_content_width":"","footnotes":""},"categories":[9,48],"tags":[],"class_list":["post-4653","post","type-post","status-publish","format-standard","hentry","category-noticias","category-patrocinio-asociacion"],"_links":{"self":[{"href":"https:\/\/www.caldererias.es\/en\/wp-json\/wp\/v2\/posts\/4653","targetHints":{"allow":["GET"]}}],"collection":[{"href":"https:\/\/www.caldererias.es\/en\/wp-json\/wp\/v2\/posts"}],"about":[{"href":"https:\/\/www.caldererias.es\/en\/wp-json\/wp\/v2\/types\/post"}],"author":[{"embeddable":true,"href":"https:\/\/www.caldererias.es\/en\/wp-json\/wp\/v2\/users\/2"}],"replies":[{"embeddable":true,"href":"https:\/\/www.caldererias.es\/en\/wp-json\/wp\/v2\/comments?post=4653"}],"version-history":[{"count":3,"href":"https:\/\/www.caldererias.es\/en\/wp-json\/wp\/v2\/posts\/4653\/revisions"}],"predecessor-version":[{"id":4664,"href":"https:\/\/www.caldererias.es\/en\/wp-json\/wp\/v2\/posts\/4653\/revisions\/4664"}],"wp:attachment":[{"href":"https:\/\/www.caldererias.es\/en\/wp-json\/wp\/v2\/media?parent=4653"}],"wp:term":[{"taxonomy":"category","embeddable":true,"href":"https:\/\/www.caldererias.es\/en\/wp-json\/wp\/v2\/categories?post=4653"},{"taxonomy":"post_tag","embeddable":true,"href":"https:\/\/www.caldererias.es\/en\/wp-json\/wp\/v2\/tags?post=4653"}],"curies":[{"name":"wp","href":"https:\/\/api.w.org\/{rel}","templated":true}]}}