{"id":4658,"date":"2024-12-20T11:31:49","date_gmt":"2024-12-20T10:31:49","guid":{"rendered":"https:\/\/www.caldererias.es\/?p=4658"},"modified":"2025-02-26T08:52:08","modified_gmt":"2025-02-26T07:52:08","slug":"primer-concurso-de-dibujo-mi-postal-navidena","status":"publish","type":"post","link":"https:\/\/www.caldererias.es\/en\/primer-concurso-de-dibujo-mi-postal-navidena\/","title":{"rendered":"PRIMER CONCURSO DE DIBUJO \u201cMI POSTAL NAVIDE\u00d1A\u201d"},"content":{"rendered":"<p>[et_pb_section][et_pb_row][et_pb_column type=\u00bb4_4&#8243;][et_pb_text]<\/p>\n<p><span style=\"color: orange; font-size: 200%;\">\u201cMI POSTAL NAVIDE\u00d1A\u201d <\/span><\/p>\n<p>Entrega de diplomas a los peque\u00f1os participantes en el Primer Concurso de Dibujo \u00abMi Postal Navide\u00f1a\u00bb organizando por Calderer\u00edas Ind\u00e1licas.<\/p>\n<p>Queremos dar las gracias a los ni\u00f1os y ni\u00f1as por haber dedicado un ratito de su tiempo en esta iniciativa con motivo de nuestro 30 aniversario.<\/p>\n<p>\u00a1Gracias por esos 47 dibujos inocentes llenos de imaginaci\u00f3n y de ilusi\u00f3n!<\/p>\n<p>Deseamos que hay\u00e1is disfrutado.<\/p>\n<p><img loading=\"lazy\" decoding=\"async\" class=\"wp-image-4084 aligncenter\" src=\"https:\/\/www.caldererias.es\/wp-content\/uploads\/2025\/02\/concurso_postales_navidad_2024.png\" alt=\"\" width=\"782\" height=\"555\" \/>[\/et_pb_text][\/et_pb_column][\/et_pb_row][\/et_pb_section]<\/p>","protected":false},"excerpt":{"rendered":"<p>[et_pb_section][et_pb_row][et_pb_column type=\u00bb4_4&#8243;][et_pb_text] \u201cMI POSTAL NAVIDE\u00d1A\u201d Entrega de diplomas a los peque\u00f1os participantes en el Primer Concurso de Dibujo \u00abMi Postal Navide\u00f1a\u00bb organizando por Calderer\u00edas Ind\u00e1licas. Queremos dar las gracias a los ni\u00f1os y ni\u00f1as por haber dedicado un ratito de su tiempo en esta iniciativa con motivo de nuestro 30 aniversario. \u00a1Gracias por esos 47 [&hellip;]<\/p>","protected":false},"author":2,"featured_media":0,"comment_status":"open","ping_status":"open","sticky":false,"template":"","format":"standard","meta":{"_et_pb_use_builder":"","_et_pb_old_content":"","_et_gb_content_width":"","footnotes":""},"categories":[9,48],"tags":[],"class_list":["post-4658","post","type-post","status-publish","format-standard","hentry","category-noticias","category-patrocinio-asociacion"],"_links":{"self":[{"href":"https:\/\/www.caldererias.es\/en\/wp-json\/wp\/v2\/posts\/4658","targetHints":{"allow":["GET"]}}],"collection":[{"href":"https:\/\/www.caldererias.es\/en\/wp-json\/wp\/v2\/posts"}],"about":[{"href":"https:\/\/www.caldererias.es\/en\/wp-json\/wp\/v2\/types\/post"}],"author":[{"embeddable":true,"href":"https:\/\/www.caldererias.es\/en\/wp-json\/wp\/v2\/users\/2"}],"replies":[{"embeddable":true,"href":"https:\/\/www.caldererias.es\/en\/wp-json\/wp\/v2\/comments?post=4658"}],"version-history":[{"count":3,"href":"https:\/\/www.caldererias.es\/en\/wp-json\/wp\/v2\/posts\/4658\/revisions"}],"predecessor-version":[{"id":4663,"href":"https:\/\/www.caldererias.es\/en\/wp-json\/wp\/v2\/posts\/4658\/revisions\/4663"}],"wp:attachment":[{"href":"https:\/\/www.caldererias.es\/en\/wp-json\/wp\/v2\/media?parent=4658"}],"wp:term":[{"taxonomy":"category","embeddable":true,"href":"https:\/\/www.caldererias.es\/en\/wp-json\/wp\/v2\/categories?post=4658"},{"taxonomy":"post_tag","embeddable":true,"href":"https:\/\/www.caldererias.es\/en\/wp-json\/wp\/v2\/tags?post=4658"}],"curies":[{"name":"wp","href":"https:\/\/api.w.org\/{rel}","templated":true}]}}