{"id":2832,"date":"2021-06-29T13:35:28","date_gmt":"2021-06-29T11:35:28","guid":{"rendered":"https:\/\/www.caldererias.es\/?p=2832"},"modified":"2021-06-29T13:45:14","modified_gmt":"2021-06-29T11:45:14","slug":"calderererias-indalicas-participa-en-la-jornada-tecnica-hidrogeno-verde-en-la-transicion-energetica-retos-y-oportunidades","status":"publish","type":"post","link":"https:\/\/www.caldererias.es\/fr\/calderererias-indalicas-participa-en-la-jornada-tecnica-hidrogeno-verde-en-la-transicion-energetica-retos-y-oportunidades\/","title":{"rendered":"Caldererer\u00edas Ind\u00e1licas participa en la jornada t\u00e9cnica HIDR\u00d3GENO VERDE EN LA TRANSICI\u00d3N ENERG\u00c9TICA: RETOS Y OPORTUNIDADES"},"content":{"rendered":"<p>Jos\u00e9 Manuel Valverde, director de Calderer\u00edas Ind\u00e1licas, participar\u00e1 el pr\u00f3ximo 1 de Julio en una de las mesas redondas que incluir\u00e1 la jornada t\u00e9cnica HIDR\u00d3GENO VERDE EN LA TRANSICI\u00d3N ENERG\u00c9TICA: RETOS Y OPORTUNIDADES organizada por la Corporaci\u00f3n t\u00e9cnica de Andaluc\u00eda y la empresa energ\u00e9tica Iberdrola.<\/p>\n<p><span data-contrast=\"auto\">Ante el reto\u00a0de\u00a0la\u00a0<strong>transici\u00f3n energ\u00e9tica<\/strong>,\u00a0la\u00a0<strong>descarbonizaci\u00f3n de la econom\u00eda<\/strong>\u00a0y la\u00a0<strong>electrificaci\u00f3n del sistema energ\u00e9tico<\/strong>\u00a0en el que nos encontramos inmersos en la actualidad, el hidr\u00f3geno est\u00e1 llamado a ser uno de los\u00a0actores\u00a0m\u00e1s\u00a0relevantes.<\/span><\/p>\n<p><span data-contrast=\"auto\">En esta jornada se van a analizar las\u00a0<strong>oportunidades para Espa\u00f1a y Andaluc\u00eda en torno al hidr\u00f3geno<\/strong>,\u00a0abordando la\u00a0<strong>cadena de valor<\/strong>\u00a0en torno al\u00a0mismo y analizando\u00a0casos de aplicaciones industriales dif\u00edcilmente\u00a0electrificables. Todo\u00a0en el marco de la\u00a0<strong>hoja de ruta del hidr\u00f3geno en Espa\u00f1a<\/strong>\u00a0donde se apuesta por\u00a0un\u00a0<strong>hidr\u00f3geno de car\u00e1cter renovable.\u00a0<\/strong><\/span><strong>\u00a0<\/strong><\/p>\n<p>La jornada t\u00e9cnica, que se celebrar\u00e1 el 1 de julio, incluir\u00e1 varias mesas redondas y reunir\u00e1 a algunas de las figuras m\u00e1s influyentes en el ambito de las energ\u00edas renovables, as\u00ed como a empresas activamente implicadas en el desarrollo, producci\u00f3n y uso del hidr\u00f3geno verde que, como es el caso de Calderer\u00edas Ind\u00e1licas, desarrollan actualmente proyectos destinados a facilitar su uso en un futuro cercano.<\/p>","protected":false},"excerpt":{"rendered":"<p>Jos\u00e9 Manuel Valverde, director de Calderer\u00edas Ind\u00e1licas, participar\u00e1 el pr\u00f3ximo 1 de Julio en una de las mesas redondas que incluir\u00e1 la jornada t\u00e9cnica HIDR\u00d3GENO VERDE EN LA TRANSICI\u00d3N ENERG\u00c9TICA: RETOS Y OPORTUNIDADES organizada por la Corporaci\u00f3n t\u00e9cnica de Andaluc\u00eda y la empresa energ\u00e9tica Iberdrola. Ante el reto\u00a0de\u00a0la\u00a0transici\u00f3n energ\u00e9tica,\u00a0la\u00a0descarbonizaci\u00f3n de la econom\u00eda\u00a0y la\u00a0electrificaci\u00f3n del sistema [&hellip;]<\/p>","protected":false},"author":2,"featured_media":2833,"comment_status":"open","ping_status":"open","sticky":false,"template":"","format":"standard","meta":{"_et_pb_use_builder":"","_et_pb_old_content":"","_et_gb_content_width":"","footnotes":""},"categories":[9],"tags":[],"class_list":["post-2832","post","type-post","status-publish","format-standard","has-post-thumbnail","hentry","category-noticias"],"_links":{"self":[{"href":"https:\/\/www.caldererias.es\/fr\/wp-json\/wp\/v2\/posts\/2832","targetHints":{"allow":["GET"]}}],"collection":[{"href":"https:\/\/www.caldererias.es\/fr\/wp-json\/wp\/v2\/posts"}],"about":[{"href":"https:\/\/www.caldererias.es\/fr\/wp-json\/wp\/v2\/types\/post"}],"author":[{"embeddable":true,"href":"https:\/\/www.caldererias.es\/fr\/wp-json\/wp\/v2\/users\/2"}],"replies":[{"embeddable":true,"href":"https:\/\/www.caldererias.es\/fr\/wp-json\/wp\/v2\/comments?post=2832"}],"version-history":[{"count":5,"href":"https:\/\/www.caldererias.es\/fr\/wp-json\/wp\/v2\/posts\/2832\/revisions"}],"predecessor-version":[{"id":2838,"href":"https:\/\/www.caldererias.es\/fr\/wp-json\/wp\/v2\/posts\/2832\/revisions\/2838"}],"wp:featuredmedia":[{"embeddable":true,"href":"https:\/\/www.caldererias.es\/fr\/wp-json\/wp\/v2\/media\/2833"}],"wp:attachment":[{"href":"https:\/\/www.caldererias.es\/fr\/wp-json\/wp\/v2\/media?parent=2832"}],"wp:term":[{"taxonomy":"category","embeddable":true,"href":"https:\/\/www.caldererias.es\/fr\/wp-json\/wp\/v2\/categories?post=2832"},{"taxonomy":"post_tag","embeddable":true,"href":"https:\/\/www.caldererias.es\/fr\/wp-json\/wp\/v2\/tags?post=2832"}],"curies":[{"name":"wp","href":"https:\/\/api.w.org\/{rel}","templated":true}]}}