{"id":3572,"date":"2022-01-20T09:58:56","date_gmt":"2022-01-20T08:58:56","guid":{"rendered":"https:\/\/www.caldererias.es\/?p=3572"},"modified":"2022-01-20T09:58:56","modified_gmt":"2022-01-20T08:58:56","slug":"endesa-adjudica-a-lecalde-el-desmantelamiento-de-la-ctla","status":"publish","type":"post","link":"https:\/\/www.caldererias.es\/fr\/endesa-adjudica-a-lecalde-el-desmantelamiento-de-la-ctla\/","title":{"rendered":"ENDESA ADJUDICA A LECALDE EL DESMANTELAMIENTO DE LA CTLA"},"content":{"rendered":"<p>El pasado 23 de diciembre la UTE formada por Lezama Demoliciones y Calderer\u00edas \u00ednd\u00e1licas result\u00f3 adjudicataria de la realizaci\u00f3n de los trabajos de desmantelamiento de la Central Termica del Litoral de Almer\u00eda. Seg\u00fan declaraciones de Luis Llamas, gerente de Calderer\u00edas Ind\u00e1licas,\u00a0este contrato de desmantelamiento supondr\u00e1 dar continuidad, formaci\u00f3n y adaptaci\u00f3n profesional a los trabajadores para acceder a los nuevos proyectos de renovables que Endesa tiene previsto desarrollar.<\/p>\n<p>En los enlaces mostrados abajo se puede encontrar informaci\u00f3n ampliada de la noticia:<\/p>\n<p><a style=\"color: #ff5733;\" href=\"https:\/\/www.europapress.es\/andalucia\/almeria-00350\/noticia-endesa-adjudica-lezama-caldererias-indalicas-desmantelamiento-central-termica-litoral-carboneras-almeria-20211223104342.html\">Europapress<\/a><\/p>\n<p><a style=\"color: #ff5733;\" href=\"https:\/\/www.endesa.com\/es\/prensa\/sala-de-prensa\/noticias\/transicion-energetica\/endesa-adjudica-a-lezma-y-caldererias-desmatelamiento-de-la-central-termica-litoral\">Gabinete de prensa de Endesa<\/a><\/p>\n<p><a style=\"color: #ff5733;\" href=\"https:\/\/www.eleconomista.es\/andalucia\/noticias\/11538085\/12\/21\/La-UTE-Lecalde-desmantelara-la-termica-de-Carboneras-por-60-millones.html\">Eleconomista.es<\/a><\/p>","protected":false},"excerpt":{"rendered":"<p>El pasado 23 de diciembre la UTE formada por Lezama Demoliciones y Calderer\u00edas \u00ednd\u00e1licas result\u00f3 adjudicataria de la realizaci\u00f3n de los trabajos de desmantelamiento de la Central Termica del Litoral de Almer\u00eda. Seg\u00fan declaraciones de Luis Llamas, gerente de Calderer\u00edas Ind\u00e1licas,\u00a0este contrato de desmantelamiento supondr\u00e1 dar continuidad, formaci\u00f3n y adaptaci\u00f3n profesional a los trabajadores para [&hellip;]<\/p>","protected":false},"author":2,"featured_media":3581,"comment_status":"open","ping_status":"open","sticky":false,"template":"","format":"standard","meta":{"_et_pb_use_builder":"","_et_pb_old_content":"","_et_gb_content_width":"","footnotes":""},"categories":[9],"tags":[],"class_list":["post-3572","post","type-post","status-publish","format-standard","has-post-thumbnail","hentry","category-noticias"],"_links":{"self":[{"href":"https:\/\/www.caldererias.es\/fr\/wp-json\/wp\/v2\/posts\/3572","targetHints":{"allow":["GET"]}}],"collection":[{"href":"https:\/\/www.caldererias.es\/fr\/wp-json\/wp\/v2\/posts"}],"about":[{"href":"https:\/\/www.caldererias.es\/fr\/wp-json\/wp\/v2\/types\/post"}],"author":[{"embeddable":true,"href":"https:\/\/www.caldererias.es\/fr\/wp-json\/wp\/v2\/users\/2"}],"replies":[{"embeddable":true,"href":"https:\/\/www.caldererias.es\/fr\/wp-json\/wp\/v2\/comments?post=3572"}],"version-history":[{"count":10,"href":"https:\/\/www.caldererias.es\/fr\/wp-json\/wp\/v2\/posts\/3572\/revisions"}],"predecessor-version":[{"id":3593,"href":"https:\/\/www.caldererias.es\/fr\/wp-json\/wp\/v2\/posts\/3572\/revisions\/3593"}],"wp:featuredmedia":[{"embeddable":true,"href":"https:\/\/www.caldererias.es\/fr\/wp-json\/wp\/v2\/media\/3581"}],"wp:attachment":[{"href":"https:\/\/www.caldererias.es\/fr\/wp-json\/wp\/v2\/media?parent=3572"}],"wp:term":[{"taxonomy":"category","embeddable":true,"href":"https:\/\/www.caldererias.es\/fr\/wp-json\/wp\/v2\/categories?post=3572"},{"taxonomy":"post_tag","embeddable":true,"href":"https:\/\/www.caldererias.es\/fr\/wp-json\/wp\/v2\/tags?post=3572"}],"curies":[{"name":"wp","href":"https:\/\/api.w.org\/{rel}","templated":true}]}}