{"id":4564,"date":"2025-01-08T10:00:05","date_gmt":"2025-01-08T09:00:05","guid":{"rendered":"https:\/\/www.caldererias.es\/?p=4564"},"modified":"2025-02-26T09:03:58","modified_gmt":"2025-02-26T08:03:58","slug":"recibimos-el-premio-a-la-solidaridad-de-parte-de-la-asociacion-carboneras-inclusiva","status":"publish","type":"post","link":"https:\/\/www.caldererias.es\/fr\/recibimos-el-premio-a-la-solidaridad-de-parte-de-la-asociacion-carboneras-inclusiva\/","title":{"rendered":"RECIBIMOS EL PREMIO A LA SOLIDARIDAD DE PARTE DE LA ASOCIACI\u00d3N CARBONERAS INCLUSIVA"},"content":{"rendered":"<p>[et_pb_section][et_pb_row][et_pb_column type=\u00bb4_4&#8243;][et_pb_text]<em><strong>CALDERER\u00cdAS IND\u00c1LICAS<\/strong> ha sido reconocida con el \u201cPremio a la Solidaridad\u201d por parte de la Asociaci\u00f3n sin \u00e1nimo de lucro, <strong>Carboneras Inclusiva<\/strong> cuyos fines fundacionales son:<\/em><\/p>\n<ul>\n<li><em>Asistir, integrar, normalizar, defender y facilitar la rutina de las personas con necesidades especiales de cualquier edad<\/em><\/li>\n<li><em>Prestar apoyo a sus cuidadores y familiares<\/em><\/li>\n<li><em>Promocionar actividades que contribuyan a la mejora de las condiciones de vida de las personas con necesidades especiales, con el prop\u00f3sito de conseguir la inclusi\u00f3n familiar, social y laboral<\/em><\/li>\n<\/ul>\n<p><strong>CALDERER\u00cdAS IND\u00c1LICAS<\/strong> ayuda en la realizaci\u00f3n de tales fines gracias a un convenio de colaboraci\u00f3n empresarial en actividades de inter\u00e9s general, de los previstos en el art\u00edculo 25 de la Ley 49\/2002, de 23 de diciembre, de R\u00e9gimen Fiscal de las Entidades sin Fines Lucrativos y de los Incentivos Fiscales al Mecenazgo.<\/p>\n<p><a href=\"https:\/\/www.facebook.com\/caldererias.es\" style=\"color: orange;\" target=\"_blank\">P\u00e1gina de la empresa en Facebook<\/a><br \/>\n<a href=\"https:\/\/www.facebook.com\/profile.php?id=61552990517745\" style=\"color: orange;\" target=\"_blank\">Ver la noticia en Facebook<\/a><\/p>\n<p><img loading=\"lazy\" decoding=\"async\" class=\"wp-image-4084 aligncenter\" src=\"https:\/\/www.caldererias.es\/wp-content\/uploads\/2025\/02\/cinc_coge_mis_manos.png\" alt=\"\" width=\"782\" height=\"555\" \/>[\/et_pb_text][\/et_pb_column][\/et_pb_row][\/et_pb_section]<\/p>","protected":false},"excerpt":{"rendered":"<p>[et_pb_section][et_pb_row][et_pb_column type=\u00bb4_4&#8243;][et_pb_text]CALDERER\u00cdAS IND\u00c1LICAS ha sido reconocida con el \u201cPremio a la Solidaridad\u201d por parte de la Asociaci\u00f3n sin \u00e1nimo de lucro, Carboneras Inclusiva cuyos fines fundacionales son: Asistir, integrar, normalizar, defender y facilitar la rutina de las personas con necesidades especiales de cualquier edad Prestar apoyo a sus cuidadores y familiares Promocionar actividades que contribuyan [&hellip;]<\/p>","protected":false},"author":2,"featured_media":4565,"comment_status":"open","ping_status":"open","sticky":false,"template":"","format":"standard","meta":{"_et_pb_use_builder":"","_et_pb_old_content":"","_et_gb_content_width":"","footnotes":""},"categories":[9,48],"tags":[],"class_list":["post-4564","post","type-post","status-publish","format-standard","has-post-thumbnail","hentry","category-noticias","category-patrocinio-asociacion"],"_links":{"self":[{"href":"https:\/\/www.caldererias.es\/fr\/wp-json\/wp\/v2\/posts\/4564","targetHints":{"allow":["GET"]}}],"collection":[{"href":"https:\/\/www.caldererias.es\/fr\/wp-json\/wp\/v2\/posts"}],"about":[{"href":"https:\/\/www.caldererias.es\/fr\/wp-json\/wp\/v2\/types\/post"}],"author":[{"embeddable":true,"href":"https:\/\/www.caldererias.es\/fr\/wp-json\/wp\/v2\/users\/2"}],"replies":[{"embeddable":true,"href":"https:\/\/www.caldererias.es\/fr\/wp-json\/wp\/v2\/comments?post=4564"}],"version-history":[{"count":11,"href":"https:\/\/www.caldererias.es\/fr\/wp-json\/wp\/v2\/posts\/4564\/revisions"}],"predecessor-version":[{"id":5035,"href":"https:\/\/www.caldererias.es\/fr\/wp-json\/wp\/v2\/posts\/4564\/revisions\/5035"}],"wp:featuredmedia":[{"embeddable":true,"href":"https:\/\/www.caldererias.es\/fr\/wp-json\/wp\/v2\/media\/4565"}],"wp:attachment":[{"href":"https:\/\/www.caldererias.es\/fr\/wp-json\/wp\/v2\/media?parent=4564"}],"wp:term":[{"taxonomy":"category","embeddable":true,"href":"https:\/\/www.caldererias.es\/fr\/wp-json\/wp\/v2\/categories?post=4564"},{"taxonomy":"post_tag","embeddable":true,"href":"https:\/\/www.caldererias.es\/fr\/wp-json\/wp\/v2\/tags?post=4564"}],"curies":[{"name":"wp","href":"https:\/\/api.w.org\/{rel}","templated":true}]}}