{"id":4595,"date":"2024-03-14T10:03:12","date_gmt":"2024-03-14T09:03:12","guid":{"rendered":"https:\/\/www.caldererias.es\/?p=4595"},"modified":"2025-02-26T08:52:33","modified_gmt":"2025-02-26T07:52:33","slug":"todos-con-alejandro","status":"publish","type":"post","link":"https:\/\/www.caldererias.es\/fr\/todos-con-alejandro\/","title":{"rendered":"\u00a1TODOS CON ALEJANDRO!"},"content":{"rendered":"<p>[et_pb_section][et_pb_row][et_pb_column type=\u00bb4_4&#8243;][et_pb_text]<em><font size=\"4\" color=\"orange\">ALEJANDRO TE NECESITA<\/font><br \/>\nAlejandro es un ni\u00f1o de 10 a\u00f1os que se encuentra hospitalizado en Torrec\u00e1rdenas en lista de espera para un trasplante de m\u00e9dula \u00f3sea.<\/p>\n<p>Si tienes entre 18 y 40 a\u00f1os y est\u00e1s sano:<br \/>\nInscr\u00edbete en el REDMO (registro donantes de m\u00e9dula \u00f3sea), este registro es es un registro mundial. Cuando te apuntas como donante en REDMO, se te extrae una muestra de sangre que servir\u00e1 para comprobar la compatibilidad HLA de tu sangre con la de los pacientes que est\u00e1n en b\u00fasqueda de donante. Si fueras compatible, quedas registrado en la base de datos como donante. En caso de necesidad, contactar\u00e1n contigo.<\/p>\n<p>Donar m\u00e9dula \u00f3sea:<br \/>\nNO ES una intervenci\u00f3n que elimine tu m\u00e9dula \u00f3sea. Se regenera completamente.<br \/>\nES la \u00fanica curaci\u00f3n posible para cientos de personas que la necesitan.<br \/>\nES DAR VIDA<br \/>\nSi eres de Almer\u00eda Acude al CENTRO DE TRANSFUSIONES, TEJIDOS Y C\u00c9LULAS DEL HOSPITAL TORREC\u00c1RDENAS (Lunes a Viernes 9:00-14:00 h).<br \/>\nSi te encuentras en cualquier otro punto de la geograf\u00eda espa\u00f1ola o del mundo puedes informarte de los puntos de donaci\u00f3n disponibles en la web: JOSEP CARRERAS contra la leucemia.<\/p>\n<p><a style=\"color: orange;\" href=\"https:\/\/fcarreras.org\/donacion-de-medula\/donde-hacer-donante-de-medula-osea\/?fbclid=IwZXh0bgNhZW0CMTAAAR1aEXCgFhriLKVwrvQwiKpWJFwVeB1mVt9TwnenyZbKZ8LInOvYAcqbGUQ_aem_Ohx_vZyiltPj2aPJgLYcMw\" target=\"_blank\" rel=\"noopener\">\u00a1HAZTE DONANTE!<\/a><\/p>\n<p><img loading=\"lazy\" decoding=\"async\" class=\"wp-image-4084 aligncenter\" src=\"https:\/\/www.caldererias.es\/wp-content\/uploads\/2025\/02\/todos_alejantro.png\" alt=\"\" width=\"782\" height=\"555\" \/>[\/et_pb_text][\/et_pb_column][\/et_pb_row][\/et_pb_section]<\/p>","protected":false},"excerpt":{"rendered":"<p>[et_pb_section][et_pb_row][et_pb_column type=\u00bb4_4&#8243;][et_pb_text]ALEJANDRO TE NECESITA Alejandro es un ni\u00f1o de 10 a\u00f1os que se encuentra hospitalizado en Torrec\u00e1rdenas en lista de espera para un trasplante de m\u00e9dula \u00f3sea. Si tienes entre 18 y 40 a\u00f1os y est\u00e1s sano: Inscr\u00edbete en el REDMO (registro donantes de m\u00e9dula \u00f3sea), este registro es es un registro mundial. Cuando te [&hellip;]<\/p>","protected":false},"author":2,"featured_media":0,"comment_status":"open","ping_status":"open","sticky":false,"template":"","format":"standard","meta":{"_et_pb_use_builder":"","_et_pb_old_content":"","_et_gb_content_width":"","footnotes":""},"categories":[9,48],"tags":[],"class_list":["post-4595","post","type-post","status-publish","format-standard","hentry","category-noticias","category-patrocinio-asociacion"],"_links":{"self":[{"href":"https:\/\/www.caldererias.es\/fr\/wp-json\/wp\/v2\/posts\/4595","targetHints":{"allow":["GET"]}}],"collection":[{"href":"https:\/\/www.caldererias.es\/fr\/wp-json\/wp\/v2\/posts"}],"about":[{"href":"https:\/\/www.caldererias.es\/fr\/wp-json\/wp\/v2\/types\/post"}],"author":[{"embeddable":true,"href":"https:\/\/www.caldererias.es\/fr\/wp-json\/wp\/v2\/users\/2"}],"replies":[{"embeddable":true,"href":"https:\/\/www.caldererias.es\/fr\/wp-json\/wp\/v2\/comments?post=4595"}],"version-history":[{"count":15,"href":"https:\/\/www.caldererias.es\/fr\/wp-json\/wp\/v2\/posts\/4595\/revisions"}],"predecessor-version":[{"id":4611,"href":"https:\/\/www.caldererias.es\/fr\/wp-json\/wp\/v2\/posts\/4595\/revisions\/4611"}],"wp:attachment":[{"href":"https:\/\/www.caldererias.es\/fr\/wp-json\/wp\/v2\/media?parent=4595"}],"wp:term":[{"taxonomy":"category","embeddable":true,"href":"https:\/\/www.caldererias.es\/fr\/wp-json\/wp\/v2\/categories?post=4595"},{"taxonomy":"post_tag","embeddable":true,"href":"https:\/\/www.caldererias.es\/fr\/wp-json\/wp\/v2\/tags?post=4595"}],"curies":[{"name":"wp","href":"https:\/\/api.w.org\/{rel}","templated":true}]}}