{"id":4624,"date":"2024-04-03T10:00:08","date_gmt":"2024-04-03T08:00:08","guid":{"rendered":"https:\/\/www.caldererias.es\/?p=4624"},"modified":"2025-02-25T13:40:30","modified_gmt":"2025-02-25T12:40:30","slug":"2-de-abril-dia-mundial-del-autismo","status":"publish","type":"post","link":"https:\/\/www.caldererias.es\/fr\/2-de-abril-dia-mundial-del-autismo\/","title":{"rendered":"2 DE ABRIL D\u00cdA MUNDIAL DEL AUTISMO"},"content":{"rendered":"<p>[et_pb_section][et_pb_row][et_pb_column type=\u00bb4_4&#8243;][et_pb_text]<em><br \/>\nHoy 2 de abril es el d\u00eda mundial del Autismo.<br \/>\nDesde @caldererias_indalicas nos unimos para reclamar el derecho y la inclusi\u00f3n de las personas con autismo dentro de la sociedad a la que pertenecen. Para que tengan una vida plena y llena de derechos.<br \/>\nHoy lo hacemos a trav\u00e9s de @carbonerasinclusiva. Una asociaci\u00f3n de reciente creaci\u00f3n que apuesta por la inclusi\u00f3n y los derechos fundamentales de personas con necesidades especiales con la que venimos colaborando desde que se fund\u00f3.<\/p>\n<p>&nbsp;<\/p>\n<p><a style=\"color: orange;\" href=\"https:\/\/www.facebook.com\/share\/p\/1BV8b2jDh1\/\" target=\"_blank\" rel=\"noopener\">Ver en Facebook de Carboneras Inclusiva<\/a><br \/>\n<a style=\"color: orange;\" href=\"https:\/\/www.facebook.com\/share\/p\/18c6dyxnXH\/\" target=\"_blank\" rel=\"noopener\">Ver en Facebook de Calderer\u00edas Ind\u00e1licas, S.L.<\/a><\/p>\n<p><img loading=\"lazy\" decoding=\"async\" class=\"wp-image-4084 aligncenter\" src=\"https:\/\/www.caldererias.es\/wp-content\/uploads\/2025\/02\/dia_autismo.png\" alt=\"\" width=\"782\" height=\"555\" \/>[\/et_pb_text][\/et_pb_column][\/et_pb_row][\/et_pb_section]<\/p>","protected":false},"excerpt":{"rendered":"<p>[et_pb_section][et_pb_row][et_pb_column type=\u00bb4_4&#8243;][et_pb_text] Hoy 2 de abril es el d\u00eda mundial del Autismo. Desde @caldererias_indalicas nos unimos para reclamar el derecho y la inclusi\u00f3n de las personas con autismo dentro de la sociedad a la que pertenecen. Para que tengan una vida plena y llena de derechos. Hoy lo hacemos a trav\u00e9s de @carbonerasinclusiva. Una asociaci\u00f3n [&hellip;]<\/p>","protected":false},"author":2,"featured_media":4628,"comment_status":"open","ping_status":"open","sticky":false,"template":"","format":"standard","meta":{"_et_pb_use_builder":"","_et_pb_old_content":"","_et_gb_content_width":"","footnotes":""},"categories":[9],"tags":[],"class_list":["post-4624","post","type-post","status-publish","format-standard","has-post-thumbnail","hentry","category-noticias"],"_links":{"self":[{"href":"https:\/\/www.caldererias.es\/fr\/wp-json\/wp\/v2\/posts\/4624","targetHints":{"allow":["GET"]}}],"collection":[{"href":"https:\/\/www.caldererias.es\/fr\/wp-json\/wp\/v2\/posts"}],"about":[{"href":"https:\/\/www.caldererias.es\/fr\/wp-json\/wp\/v2\/types\/post"}],"author":[{"embeddable":true,"href":"https:\/\/www.caldererias.es\/fr\/wp-json\/wp\/v2\/users\/2"}],"replies":[{"embeddable":true,"href":"https:\/\/www.caldererias.es\/fr\/wp-json\/wp\/v2\/comments?post=4624"}],"version-history":[{"count":6,"href":"https:\/\/www.caldererias.es\/fr\/wp-json\/wp\/v2\/posts\/4624\/revisions"}],"predecessor-version":[{"id":4633,"href":"https:\/\/www.caldererias.es\/fr\/wp-json\/wp\/v2\/posts\/4624\/revisions\/4633"}],"wp:featuredmedia":[{"embeddable":true,"href":"https:\/\/www.caldererias.es\/fr\/wp-json\/wp\/v2\/media\/4628"}],"wp:attachment":[{"href":"https:\/\/www.caldererias.es\/fr\/wp-json\/wp\/v2\/media?parent=4624"}],"wp:term":[{"taxonomy":"category","embeddable":true,"href":"https:\/\/www.caldererias.es\/fr\/wp-json\/wp\/v2\/categories?post=4624"},{"taxonomy":"post_tag","embeddable":true,"href":"https:\/\/www.caldererias.es\/fr\/wp-json\/wp\/v2\/tags?post=4624"}],"curies":[{"name":"wp","href":"https:\/\/api.w.org\/{rel}","templated":true}]}}